{"id":4500,"date":"2014-11-27T10:03:54","date_gmt":"2014-11-27T10:03:54","guid":{"rendered":"http:\/\/wwwterrassadentalclinic.com\/?p=4500"},"modified":"2015-02-26T09:16:24","modified_gmt":"2015-02-26T09:16:24","slug":"invisalign-millora-el-teu-somriure","status":"publish","type":"post","link":"https:\/\/www.terrassadentalclinic.com\/ca\/invisalign-millora-el-teu-somriure\/","title":{"rendered":"Invisalign: Millora el teu somriure"},"content":{"rendered":"<h2>Vols millorar el teu somriure? Per qu\u00e8 escollir Invisalign?<\/h2>\n<p><strong>Invisalign \u00e9s la manera m\u00e9s c\u00f2moda <\/strong>de poder aconseguir el somriure espectacular que sempre has somiat i aix\u00f2 sense interferir amb la teva <strong>vida quotidiana<\/strong>.<\/p>\n<p>Invisalign redre\u00e7a les dents mitjan\u00e7ant alineadors pr\u00e0cticament invisibles i extra\u00efbles que es fabriquen a la mesura de les seves dents per garantir-li una major comoditat. D&#8217;acord canvi\u00ef de joc d&#8217;alineadors cada dues setmanes, les seves dents s&#8217;aniran movent de forma gradual, a poc a poc i setmana rere setmana, fins que estiguin en la posici\u00f3 final.<\/p>\n<p><img loading=\"lazy\" decoding=\"async\" src=\"\/wp-content\/uploads\/2014\/11\/avantatges_invisalign_catala.jpg\" title=\"Avantatges de la ortod\u00f2ncia invisible - Invisalign\" alt=\"Avantatges de la ortod\u00f2ncia invisible - Invisalign\" width=\"685\" height=\"307\" class=\"aligncenter size-full wp-image-4493\" \/><\/p>\n<p>Invisalign \u00e9s<strong> c\u00f2mode<\/strong>,<strong> transparent<\/strong> i<strong> extra\u00efble<\/strong>, per la qual cosa transforma teu somriure sense canviar el teu dia a dia. M\u00e9s de 2,5 milions de persones de tot el m\u00f3n ja l&#8217;han descobert.<\/p>\n<h2>Quines s\u00f3n les principals avantatges d&#8217;Invisalign?<\/h2>\n<ul>\n<li><strong>A Mida:<\/strong> Els alineadors es fabricaran a mida per a les teves dents a partir del diagn\u00f2stic de la teva ortodontista.<\/li>\n<li><strong>Removible:<\/strong> Els alineadors Invisalign es poden extreure per: Menjar, beure, raspallar-se les dents i passar el fil dental.<\/li>\n<li><strong>Efica\u00e7:<\/strong> Els beneficis d&#8217;un somriure millorada es perceben des de l&#8217;inici del tractament.<\/li>\n<li><strong>C\u00f2mode:<\/strong> Invisalign \u00e9s c\u00f2mode ja que no hi ha ni brackets ni filferros que puguin irritar les genives o l&#8217;interior de la teva boca.<\/li>\n<li><strong>Transparent:<\/strong> Els alineadors s\u00f3n pr\u00e0cticament invisibles i no es nota que s&#8217;est\u00e0 seguint un tractament.<\/li>\n<\/ul>\n","protected":false},"excerpt":{"rendered":"<p>Vols portar brackets sense que ning\u00fa es dongui compte? Gr\u00e0cies a la ortod\u00f2ncia invisible o Invisalign ja \u00e9s possible. Recupera el teu somriure! <a href=\"\/invisalign-millora-el-teu-somriure\"> LLegir m\u00e9s<\/a><\/p>\n","protected":false},"author":10,"featured_media":4499,"comment_status":"closed","ping_status":"closed","sticky":false,"template":"","format":"standard","meta":{"_et_pb_use_builder":"","_et_pb_old_content":"","_et_gb_content_width":"","footnotes":""},"categories":[70],"tags":[79,77,78,80],"class_list":["post-4500","post","type-post","status-publish","format-standard","has-post-thumbnail","hentry","category-noticies","tag-brackets","tag-invisalign","tag-ortodoncia","tag-ortodoncia-invisible-ca"],"yoast_head":"<!-- This site is optimized with the Yoast SEO plugin v27.2 - https:\/\/yoast.com\/product\/yoast-seo-wordpress\/ -->\n<title>Invisalign: Millora el teu somriure - Terrassa Dental Cl\u00ednic<\/title>\n<meta name=\"description\" content=\"Vols portar brackets sense que ning\u00fa es dongui compte? Gr\u00e0cies a la ortod\u00f2ncia invisible o Invisalign ja \u00e9s possible. Recupera el teu somriure!\" \/>\n<meta name=\"robots\" content=\"index, follow, max-snippet:-1, max-image-preview:large, max-video-preview:-1\" \/>\n<link rel=\"canonical\" href=\"https:\/\/www.terrassadentalclinic.com\/invisalign-mejorar-tu-sonrisa\/\" \/>\n<meta property=\"og:locale\" content=\"ca_ES\" \/>\n<meta property=\"og:type\" content=\"article\" \/>\n<meta property=\"og:title\" content=\"Invisalign: Millora el teu somriure - Terrassa Dental Cl\u00ednic\" \/>\n<meta property=\"og:description\" content=\"Vols portar brackets sense que ning\u00fa es dongui compte? Gr\u00e0cies a la ortod\u00f2ncia invisible o Invisalign ja \u00e9s possible. Recupera el teu somriure!\" \/>\n<meta property=\"og:url\" content=\"https:\/\/www.terrassadentalclinic.com\/invisalign-mejorar-tu-sonrisa\/\" \/>\n<meta property=\"og:site_name\" content=\"Terrassa Dental Cl\u00ednic\" \/>\n<meta property=\"article:published_time\" content=\"2014-11-27T10:03:54+00:00\" \/>\n<meta property=\"article:modified_time\" content=\"2015-02-26T09:16:24+00:00\" \/>\n<meta property=\"og:image\" content=\"https:\/\/www.terrassadentalclinic.com\/wp-content\/uploads\/2014\/11\/destacado_invisalign.jpg\" \/>\n\t<meta property=\"og:image:width\" content=\"800\" \/>\n\t<meta property=\"og:image:height\" content=\"290\" \/>\n\t<meta property=\"og:image:type\" content=\"image\/jpeg\" \/>\n<meta name=\"author\" content=\"Dr Pierre Kallai\" \/>\n<meta name=\"twitter:label1\" content=\"Escrit per\" \/>\n\t<meta name=\"twitter:data1\" content=\"Dr Pierre Kallai\" \/>\n\t<meta name=\"twitter:label2\" content=\"Temps estimat de lectura\" \/>\n\t<meta name=\"twitter:data2\" content=\"1 minut\" \/>\n<script type=\"application\/ld+json\" class=\"yoast-schema-graph\">{\"@context\":\"https:\/\/schema.org\",\"@graph\":[{\"@type\":\"Article\",\"@id\":\"https:\/\/www.terrassadentalclinic.com\/invisalign-mejorar-tu-sonrisa\/#article\",\"isPartOf\":{\"@id\":\"https:\/\/www.terrassadentalclinic.com\/invisalign-mejorar-tu-sonrisa\/\"},\"author\":{\"name\":\"Dr Pierre Kallai\",\"@id\":\"https:\/\/www.terrassadentalclinic.com\/#\/schema\/person\/9d9484c4e51bab13ebe1373efc0bc2f5\"},\"headline\":\"Invisalign: Millora el teu somriure\",\"datePublished\":\"2014-11-27T10:03:54+00:00\",\"dateModified\":\"2015-02-26T09:16:24+00:00\",\"mainEntityOfPage\":{\"@id\":\"https:\/\/www.terrassadentalclinic.com\/invisalign-mejorar-tu-sonrisa\/\"},\"wordCount\":249,\"image\":{\"@id\":\"https:\/\/www.terrassadentalclinic.com\/invisalign-mejorar-tu-sonrisa\/#primaryimage\"},\"thumbnailUrl\":\"https:\/\/www.terrassadentalclinic.com\/wp-content\/uploads\/2014\/11\/destacado_invisalign.jpg\",\"keywords\":[\"brackets\",\"invisalign\",\"ortod\u00f2ncia\",\"ortodoncia invisible\"],\"articleSection\":[\"noticies\"],\"inLanguage\":\"ca\"},{\"@type\":\"WebPage\",\"@id\":\"https:\/\/www.terrassadentalclinic.com\/invisalign-mejorar-tu-sonrisa\/\",\"url\":\"https:\/\/www.terrassadentalclinic.com\/invisalign-mejorar-tu-sonrisa\/\",\"name\":\"Invisalign: Millora el teu somriure - Terrassa Dental Cl\u00ednic\",\"isPartOf\":{\"@id\":\"https:\/\/www.terrassadentalclinic.com\/#website\"},\"primaryImageOfPage\":{\"@id\":\"https:\/\/www.terrassadentalclinic.com\/invisalign-mejorar-tu-sonrisa\/#primaryimage\"},\"image\":{\"@id\":\"https:\/\/www.terrassadentalclinic.com\/invisalign-mejorar-tu-sonrisa\/#primaryimage\"},\"thumbnailUrl\":\"https:\/\/www.terrassadentalclinic.com\/wp-content\/uploads\/2014\/11\/destacado_invisalign.jpg\",\"datePublished\":\"2014-11-27T10:03:54+00:00\",\"dateModified\":\"2015-02-26T09:16:24+00:00\",\"author\":{\"@id\":\"https:\/\/www.terrassadentalclinic.com\/#\/schema\/person\/9d9484c4e51bab13ebe1373efc0bc2f5\"},\"description\":\"Vols portar brackets sense que ning\u00fa es dongui compte? Gr\u00e0cies a la ortod\u00f2ncia invisible o Invisalign ja \u00e9s possible. Recupera el teu somriure!\",\"breadcrumb\":{\"@id\":\"https:\/\/www.terrassadentalclinic.com\/invisalign-mejorar-tu-sonrisa\/#breadcrumb\"},\"inLanguage\":\"ca\",\"potentialAction\":[{\"@type\":\"ReadAction\",\"target\":[\"https:\/\/www.terrassadentalclinic.com\/invisalign-mejorar-tu-sonrisa\/\"]}]},{\"@type\":\"ImageObject\",\"inLanguage\":\"ca\",\"@id\":\"https:\/\/www.terrassadentalclinic.com\/invisalign-mejorar-tu-sonrisa\/#primaryimage\",\"url\":\"https:\/\/www.terrassadentalclinic.com\/wp-content\/uploads\/2014\/11\/destacado_invisalign.jpg\",\"contentUrl\":\"https:\/\/www.terrassadentalclinic.com\/wp-content\/uploads\/2014\/11\/destacado_invisalign.jpg\",\"width\":800,\"height\":290,\"caption\":\"Invisalign - ortodoncia invisible\"},{\"@type\":\"BreadcrumbList\",\"@id\":\"https:\/\/www.terrassadentalclinic.com\/invisalign-mejorar-tu-sonrisa\/#breadcrumb\",\"itemListElement\":[{\"@type\":\"ListItem\",\"position\":1,\"name\":\"Portada\",\"item\":\"https:\/\/www.terrassadentalclinic.com\/ca\/\"},{\"@type\":\"ListItem\",\"position\":2,\"name\":\"Invisalign: Millora el teu somriure\"}]},{\"@type\":\"WebSite\",\"@id\":\"https:\/\/www.terrassadentalclinic.com\/#website\",\"url\":\"https:\/\/www.terrassadentalclinic.com\/\",\"name\":\"Terrassa Dental Cl\u00ednic\",\"description\":\"\",\"potentialAction\":[{\"@type\":\"SearchAction\",\"target\":{\"@type\":\"EntryPoint\",\"urlTemplate\":\"https:\/\/www.terrassadentalclinic.com\/?s={search_term_string}\"},\"query-input\":{\"@type\":\"PropertyValueSpecification\",\"valueRequired\":true,\"valueName\":\"search_term_string\"}}],\"inLanguage\":\"ca\"},{\"@type\":\"Person\",\"@id\":\"https:\/\/www.terrassadentalclinic.com\/#\/schema\/person\/9d9484c4e51bab13ebe1373efc0bc2f5\",\"name\":\"Dr Pierre Kallai\",\"image\":{\"@type\":\"ImageObject\",\"inLanguage\":\"ca\",\"@id\":\"https:\/\/www.terrassadentalclinic.com\/wp-content\/litespeed\/avatar\/e905d2abbb75b82b67676a7a4533d20a.jpg?ver=1776327747\",\"url\":\"https:\/\/www.terrassadentalclinic.com\/wp-content\/litespeed\/avatar\/e905d2abbb75b82b67676a7a4533d20a.jpg?ver=1776327747\",\"contentUrl\":\"https:\/\/www.terrassadentalclinic.com\/wp-content\/litespeed\/avatar\/e905d2abbb75b82b67676a7a4533d20a.jpg?ver=1776327747\",\"caption\":\"Dr Pierre Kallai\"},\"url\":\"https:\/\/www.terrassadentalclinic.com\/ca\/author\/pierre\/\"}]}<\/script>\n<!-- \/ Yoast SEO plugin. -->","yoast_head_json":{"title":"Invisalign: Millora el teu somriure - Terrassa Dental Cl\u00ednic","description":"Vols portar brackets sense que ning\u00fa es dongui compte? Gr\u00e0cies a la ortod\u00f2ncia invisible o Invisalign ja \u00e9s possible. Recupera el teu somriure!","robots":{"index":"index","follow":"follow","max-snippet":"max-snippet:-1","max-image-preview":"max-image-preview:large","max-video-preview":"max-video-preview:-1"},"canonical":"https:\/\/www.terrassadentalclinic.com\/invisalign-mejorar-tu-sonrisa\/","og_locale":"ca_ES","og_type":"article","og_title":"Invisalign: Millora el teu somriure - Terrassa Dental Cl\u00ednic","og_description":"Vols portar brackets sense que ning\u00fa es dongui compte? Gr\u00e0cies a la ortod\u00f2ncia invisible o Invisalign ja \u00e9s possible. Recupera el teu somriure!","og_url":"https:\/\/www.terrassadentalclinic.com\/invisalign-mejorar-tu-sonrisa\/","og_site_name":"Terrassa Dental Cl\u00ednic","article_published_time":"2014-11-27T10:03:54+00:00","article_modified_time":"2015-02-26T09:16:24+00:00","og_image":[{"width":800,"height":290,"url":"https:\/\/www.terrassadentalclinic.com\/wp-content\/uploads\/2014\/11\/destacado_invisalign.jpg","type":"image\/jpeg"}],"author":"Dr Pierre Kallai","twitter_misc":{"Escrit per":"Dr Pierre Kallai","Temps estimat de lectura":"1 minut"},"schema":{"@context":"https:\/\/schema.org","@graph":[{"@type":"Article","@id":"https:\/\/www.terrassadentalclinic.com\/invisalign-mejorar-tu-sonrisa\/#article","isPartOf":{"@id":"https:\/\/www.terrassadentalclinic.com\/invisalign-mejorar-tu-sonrisa\/"},"author":{"name":"Dr Pierre Kallai","@id":"https:\/\/www.terrassadentalclinic.com\/#\/schema\/person\/9d9484c4e51bab13ebe1373efc0bc2f5"},"headline":"Invisalign: Millora el teu somriure","datePublished":"2014-11-27T10:03:54+00:00","dateModified":"2015-02-26T09:16:24+00:00","mainEntityOfPage":{"@id":"https:\/\/www.terrassadentalclinic.com\/invisalign-mejorar-tu-sonrisa\/"},"wordCount":249,"image":{"@id":"https:\/\/www.terrassadentalclinic.com\/invisalign-mejorar-tu-sonrisa\/#primaryimage"},"thumbnailUrl":"https:\/\/www.terrassadentalclinic.com\/wp-content\/uploads\/2014\/11\/destacado_invisalign.jpg","keywords":["brackets","invisalign","ortod\u00f2ncia","ortodoncia invisible"],"articleSection":["noticies"],"inLanguage":"ca"},{"@type":"WebPage","@id":"https:\/\/www.terrassadentalclinic.com\/invisalign-mejorar-tu-sonrisa\/","url":"https:\/\/www.terrassadentalclinic.com\/invisalign-mejorar-tu-sonrisa\/","name":"Invisalign: Millora el teu somriure - Terrassa Dental Cl\u00ednic","isPartOf":{"@id":"https:\/\/www.terrassadentalclinic.com\/#website"},"primaryImageOfPage":{"@id":"https:\/\/www.terrassadentalclinic.com\/invisalign-mejorar-tu-sonrisa\/#primaryimage"},"image":{"@id":"https:\/\/www.terrassadentalclinic.com\/invisalign-mejorar-tu-sonrisa\/#primaryimage"},"thumbnailUrl":"https:\/\/www.terrassadentalclinic.com\/wp-content\/uploads\/2014\/11\/destacado_invisalign.jpg","datePublished":"2014-11-27T10:03:54+00:00","dateModified":"2015-02-26T09:16:24+00:00","author":{"@id":"https:\/\/www.terrassadentalclinic.com\/#\/schema\/person\/9d9484c4e51bab13ebe1373efc0bc2f5"},"description":"Vols portar brackets sense que ning\u00fa es dongui compte? Gr\u00e0cies a la ortod\u00f2ncia invisible o Invisalign ja \u00e9s possible. Recupera el teu somriure!","breadcrumb":{"@id":"https:\/\/www.terrassadentalclinic.com\/invisalign-mejorar-tu-sonrisa\/#breadcrumb"},"inLanguage":"ca","potentialAction":[{"@type":"ReadAction","target":["https:\/\/www.terrassadentalclinic.com\/invisalign-mejorar-tu-sonrisa\/"]}]},{"@type":"ImageObject","inLanguage":"ca","@id":"https:\/\/www.terrassadentalclinic.com\/invisalign-mejorar-tu-sonrisa\/#primaryimage","url":"https:\/\/www.terrassadentalclinic.com\/wp-content\/uploads\/2014\/11\/destacado_invisalign.jpg","contentUrl":"https:\/\/www.terrassadentalclinic.com\/wp-content\/uploads\/2014\/11\/destacado_invisalign.jpg","width":800,"height":290,"caption":"Invisalign - ortodoncia invisible"},{"@type":"BreadcrumbList","@id":"https:\/\/www.terrassadentalclinic.com\/invisalign-mejorar-tu-sonrisa\/#breadcrumb","itemListElement":[{"@type":"ListItem","position":1,"name":"Portada","item":"https:\/\/www.terrassadentalclinic.com\/ca\/"},{"@type":"ListItem","position":2,"name":"Invisalign: Millora el teu somriure"}]},{"@type":"WebSite","@id":"https:\/\/www.terrassadentalclinic.com\/#website","url":"https:\/\/www.terrassadentalclinic.com\/","name":"Terrassa Dental Cl\u00ednic","description":"","potentialAction":[{"@type":"SearchAction","target":{"@type":"EntryPoint","urlTemplate":"https:\/\/www.terrassadentalclinic.com\/?s={search_term_string}"},"query-input":{"@type":"PropertyValueSpecification","valueRequired":true,"valueName":"search_term_string"}}],"inLanguage":"ca"},{"@type":"Person","@id":"https:\/\/www.terrassadentalclinic.com\/#\/schema\/person\/9d9484c4e51bab13ebe1373efc0bc2f5","name":"Dr Pierre Kallai","image":{"@type":"ImageObject","inLanguage":"ca","@id":"https:\/\/www.terrassadentalclinic.com\/wp-content\/litespeed\/avatar\/e905d2abbb75b82b67676a7a4533d20a.jpg?ver=1776327747","url":"https:\/\/www.terrassadentalclinic.com\/wp-content\/litespeed\/avatar\/e905d2abbb75b82b67676a7a4533d20a.jpg?ver=1776327747","contentUrl":"https:\/\/www.terrassadentalclinic.com\/wp-content\/litespeed\/avatar\/e905d2abbb75b82b67676a7a4533d20a.jpg?ver=1776327747","caption":"Dr Pierre Kallai"},"url":"https:\/\/www.terrassadentalclinic.com\/ca\/author\/pierre\/"}]}},"_links":{"self":[{"href":"https:\/\/www.terrassadentalclinic.com\/ca\/wp-json\/wp\/v2\/posts\/4500","targetHints":{"allow":["GET"]}}],"collection":[{"href":"https:\/\/www.terrassadentalclinic.com\/ca\/wp-json\/wp\/v2\/posts"}],"about":[{"href":"https:\/\/www.terrassadentalclinic.com\/ca\/wp-json\/wp\/v2\/types\/post"}],"author":[{"embeddable":true,"href":"https:\/\/www.terrassadentalclinic.com\/ca\/wp-json\/wp\/v2\/users\/10"}],"replies":[{"embeddable":true,"href":"https:\/\/www.terrassadentalclinic.com\/ca\/wp-json\/wp\/v2\/comments?post=4500"}],"version-history":[{"count":6,"href":"https:\/\/www.terrassadentalclinic.com\/ca\/wp-json\/wp\/v2\/posts\/4500\/revisions"}],"predecessor-version":[{"id":4517,"href":"https:\/\/www.terrassadentalclinic.com\/ca\/wp-json\/wp\/v2\/posts\/4500\/revisions\/4517"}],"wp:featuredmedia":[{"embeddable":true,"href":"https:\/\/www.terrassadentalclinic.com\/ca\/wp-json\/wp\/v2\/media\/4499"}],"wp:attachment":[{"href":"https:\/\/www.terrassadentalclinic.com\/ca\/wp-json\/wp\/v2\/media?parent=4500"}],"wp:term":[{"taxonomy":"category","embeddable":true,"href":"https:\/\/www.terrassadentalclinic.com\/ca\/wp-json\/wp\/v2\/categories?post=4500"},{"taxonomy":"post_tag","embeddable":true,"href":"https:\/\/www.terrassadentalclinic.com\/ca\/wp-json\/wp\/v2\/tags?post=4500"}],"curies":[{"name":"wp","href":"https:\/\/api.w.org\/{rel}","templated":true}]}}